{"id":106,"date":"2026-01-25T12:01:43","date_gmt":"2026-01-25T11:01:43","guid":{"rendered":"http:\/\/192.168.0.100\/blog\/?p=106"},"modified":"2026-01-25T12:09:46","modified_gmt":"2026-01-25T11:09:46","slug":"installation-de-mac-os-9-sur-un-mac-mini-g4","status":"publish","type":"post","link":"https:\/\/carnet-informatique.com\/index.php\/2026\/01\/25\/installation-de-mac-os-9-sur-un-mac-mini-g4\/","title":{"rendered":"Installation de Mac OS 9 sur un mac mini G4"},"content":{"rendered":"\n<p>Dans cet article je pr\u00e9sente la m\u00e9thode pour faire tourner Mac OS 9 sur un mac mini avec processeur PowerPC G4<\/p>\n\n\n\n<p>Lors de leur sortie en 2005, les macs mini n&rsquo;avaient pas la possibilit\u00e9 de d\u00e9marrer Mac OS 9, ils pouvaient n\u00e9anmoins encore faire tourner les applications \u00e9crite avant Mac OS X gr\u00e2ce \u00e0 l&rsquo;environnement classic.<\/p>\n\n\n\n<!--more-->\n\n\n\n<p>Des passionn\u00e9s ont r\u00e9ussi \u00e0 patcher la ROM Mac OS afin que celle d\u00e9marre sous mac mini, vous pouvez r\u00e9cup\u00e9rer l&rsquo;image disque ici : <a href=\"https:\/\/macintoshgarden.org\/apps\/mac-mini-g4-macos-92-v9\">https:\/\/macintoshgarden.org\/apps\/mac-mini-g4-macos-92-v9<\/a> (prenez le premier t\u00e9l\u00e9chargement : <small>Mac_Mini_G4_OS9.zip <em>(462.27 MB<\/em>)<\/small>)<\/p>\n\n\n\n<p>J&rsquo;ai du acheter une souris Apple d&rsquo;occasion, les souris avec et sans fil que je poss\u00e9dais n&rsquo;\u00e9tait jamais reconnu par Mac OS 9, ce qui emp\u00eache l&rsquo;installation du syst\u00e8me.<\/p>\n\n\n\n<div class=\"wp-block-group is-nowrap is-layout-flex wp-container-core-group-is-layout-6c531013 wp-block-group-is-layout-flex\">\n<p>Plut\u00f4t que de graver un CD, j&rsquo;ai fabriqu\u00e9 une cl\u00e9 USB bootable en utilisant l&rsquo;outil syst\u00e8me disque sous Ubuntu.<\/p>\n\n\n\n<figure class=\"wp-block-image size-full\"><img loading=\"lazy\" decoding=\"async\" width=\"109\" height=\"118\" src=\"http:\/\/carnet-informatique.com\/wp-content\/uploads\/2026\/01\/Capture-decran-du-2026-01-20-18-48-39.png\" alt=\"\" class=\"wp-image-131\"\/><\/figure>\n<\/div>\n\n\n\n<div class=\"wp-block-group is-nowrap is-layout-flex wp-container-core-group-is-layout-6c531013 wp-block-group-is-layout-flex\">\n<p>On fait \u00ab\u00a0Restaurer l&rsquo;image disque\u00a0\u00bb<\/p>\n\n\n\n<figure class=\"wp-block-image size-large is-style-default\"><img loading=\"lazy\" decoding=\"async\" width=\"1024\" height=\"603\" src=\"http:\/\/carnet-informatique.com\/wp-content\/uploads\/2026\/01\/Capture-decran-du-2026-01-20-18-43-00-2-1024x603.png\" alt=\"\" class=\"wp-image-129\" srcset=\"https:\/\/carnet-informatique.com\/wp-content\/uploads\/2026\/01\/Capture-decran-du-2026-01-20-18-43-00-2-1024x603.png 1024w, https:\/\/carnet-informatique.com\/wp-content\/uploads\/2026\/01\/Capture-decran-du-2026-01-20-18-43-00-2-300x177.png 300w, https:\/\/carnet-informatique.com\/wp-content\/uploads\/2026\/01\/Capture-decran-du-2026-01-20-18-43-00-2-768x453.png 768w, https:\/\/carnet-informatique.com\/wp-content\/uploads\/2026\/01\/Capture-decran-du-2026-01-20-18-43-00-2.png 1042w\" sizes=\"auto, (max-width: 1024px) 100vw, 1024px\" \/><\/figure>\n<\/div>\n\n\n\n<p>On choisis le fichier image de Mac OS 9 pour mac mini G4 : \u00ab\u00a0Ross_s Mac mini OS 9 CD v9.iso\u00a0\u00bb et on d\u00e9marre la restauration :<\/p>\n\n\n\n<figure class=\"wp-block-image size-full\"><img loading=\"lazy\" decoding=\"async\" width=\"842\" height=\"402\" src=\"http:\/\/carnet-informatique.com\/wp-content\/uploads\/2026\/01\/Capture-decran-du-2026-01-20-18-46-20.png\" alt=\"\" class=\"wp-image-130\" srcset=\"https:\/\/carnet-informatique.com\/wp-content\/uploads\/2026\/01\/Capture-decran-du-2026-01-20-18-46-20.png 842w, https:\/\/carnet-informatique.com\/wp-content\/uploads\/2026\/01\/Capture-decran-du-2026-01-20-18-46-20-300x143.png 300w, https:\/\/carnet-informatique.com\/wp-content\/uploads\/2026\/01\/Capture-decran-du-2026-01-20-18-46-20-768x367.png 768w\" sizes=\"auto, (max-width: 842px) 100vw, 842px\" \/><\/figure>\n\n\n\n<p>Une fois que c&rsquo;est fait on obtient notre Mac OS 9 sur USB pr\u00eat \u00e0 \u00eatre installer.<\/p>\n\n\n\n<p>Pour installer Mac OS 9.2.2 :<\/p>\n\n\n\n<ul class=\"wp-block-list\">\n<li>\u00c9teignez le mac<\/li>\n<\/ul>\n\n\n\n<ul class=\"wp-block-list\">\n<li>Placez la cl\u00e9 USB dans le port juste \u00e0 cot\u00e9 du port Firewire, vous pourrez faire autrement mais la requ\u00eate suivante sera \u00e0 modifier si vous utilisez un autre port.<\/li>\n\n\n\n<li>Allumez le mac et attendez le bruit du carillon de d\u00e9marrage<\/li>\n\n\n\n<li>Quand le son est termin\u00e9 appuyer, et maintenez, les touches command\/pomme (suivant le clavier)  + alt\/option (suivant le clavier) +O + F (qui signifie \u00ab\u00a0Open Firmware\u00a0\u00bb)<\/li>\n<\/ul>\n\n\n\n<p>L&rsquo;\u00e9cran open Firmware va d\u00e9marrer et vous entrez la requ\u00eate suivante :<\/p>\n\n\n\n<pre class=\"wp-block-preformatted\">boot usb0\/disk@1:,\\\\:tbxi<\/pre>\n\n\n\n<div class=\"wp-block-group is-nowrap is-layout-flex wp-container-core-group-is-layout-6c531013 wp-block-group-is-layout-flex\">\n<figure class=\"wp-block-image size-large\"><img loading=\"lazy\" decoding=\"async\" width=\"1024\" height=\"391\" src=\"http:\/\/carnet-informatique.com\/wp-content\/uploads\/2026\/01\/20260120_191743-1024x391.jpg\" alt=\"\" class=\"wp-image-134\" srcset=\"https:\/\/carnet-informatique.com\/wp-content\/uploads\/2026\/01\/20260120_191743-1024x391.jpg 1024w, https:\/\/carnet-informatique.com\/wp-content\/uploads\/2026\/01\/20260120_191743-300x115.jpg 300w, https:\/\/carnet-informatique.com\/wp-content\/uploads\/2026\/01\/20260120_191743-768x293.jpg 768w, https:\/\/carnet-informatique.com\/wp-content\/uploads\/2026\/01\/20260120_191743-1536x587.jpg 1536w, https:\/\/carnet-informatique.com\/wp-content\/uploads\/2026\/01\/20260120_191743-2048x782.jpg 2048w, https:\/\/carnet-informatique.com\/wp-content\/uploads\/2026\/01\/20260120_191743-1200x458.jpg 1200w\" sizes=\"auto, (max-width: 1024px) 100vw, 1024px\" \/><\/figure>\n\n\n\n<p>Lancez la commande avec la touche \u00ab\u00a0entrer\u00a0\u00bb et le mac va d\u00e9marrer<\/p>\n<\/div>\n\n\n\n<figure class=\"wp-block-image size-large\"><img loading=\"lazy\" decoding=\"async\" width=\"1024\" height=\"680\" src=\"http:\/\/carnet-informatique.com\/wp-content\/uploads\/2026\/01\/20260120_191802-1024x680.jpg\" alt=\"\" class=\"wp-image-135\" srcset=\"https:\/\/carnet-informatique.com\/wp-content\/uploads\/2026\/01\/20260120_191802-1024x680.jpg 1024w, https:\/\/carnet-informatique.com\/wp-content\/uploads\/2026\/01\/20260120_191802-300x199.jpg 300w, https:\/\/carnet-informatique.com\/wp-content\/uploads\/2026\/01\/20260120_191802-768x510.jpg 768w, https:\/\/carnet-informatique.com\/wp-content\/uploads\/2026\/01\/20260120_191802-1536x1021.jpg 1536w, https:\/\/carnet-informatique.com\/wp-content\/uploads\/2026\/01\/20260120_191802-2048x1361.jpg 2048w, https:\/\/carnet-informatique.com\/wp-content\/uploads\/2026\/01\/20260120_191802-1200x797.jpg 1200w\" sizes=\"auto, (max-width: 1024px) 100vw, 1024px\" \/><\/figure>\n\n\n\n<div class=\"wp-block-group is-nowrap is-layout-flex wp-container-core-group-is-layout-6c531013 wp-block-group-is-layout-flex\">\n<p>Initialiser le disque dur sur lequel vous souhaitez installer Mac OS avec l&rsquo;outils \u00ab\u00a0Drive Setup\u00a0\u00bb qui s&rsquo;ouvre au d\u00e9marrage :deux partition \u00ab\u00a0Mac Os Extended\u00a0\u00bb, la premi\u00e8re qui sera r\u00e9serv\u00e9 \u00e0 Mac OS 9 et la seconde pour Mac OS X. <\/p>\n\n\n\n<figure class=\"wp-block-image size-full\"><img loading=\"lazy\" decoding=\"async\" width=\"333\" height=\"260\" src=\"http:\/\/carnet-informatique.com\/wp-content\/uploads\/2026\/01\/Picture-1.1.png\" alt=\"\" class=\"wp-image-137\" srcset=\"https:\/\/carnet-informatique.com\/wp-content\/uploads\/2026\/01\/Picture-1.1.png 333w, https:\/\/carnet-informatique.com\/wp-content\/uploads\/2026\/01\/Picture-1.1-300x234.png 300w\" sizes=\"auto, (max-width: 333px) 100vw, 333px\" \/><\/figure>\n<\/div>\n\n\n\n<p>J&rsquo;ai eu des soucis en mettant Mac OS 10.5 en premi\u00e8re partition : je ne pouvais plus d\u00e9marrer Mac OS 9 (au d\u00e9marrage il n&rsquo;\u00e9tait jamais affich\u00e9 dans les choix).<\/p>\n\n\n\n<p>Une autre configuration que j&rsquo;ai test\u00e9 est de mettre Mac OS 10.4 et Mac OS 9 sur la m\u00eame partition mais, la encore, Mac OS 9 n&rsquo;est plus propos\u00e9 au d\u00e9marrage.<\/p>\n\n\n\n<div class=\"wp-block-group is-nowrap is-layout-flex wp-container-core-group-is-layout-6c531013 wp-block-group-is-layout-flex\">\n<p>Une fois le partitionnement effectu\u00e9, lancez l&rsquo;outils \u00ab\u00a0Apple Software Restore\u00a0\u00bb disponible sur la cl\u00e9 usb<\/p>\n\n\n\n<figure class=\"wp-block-image size-full\"><img loading=\"lazy\" decoding=\"async\" width=\"463\" height=\"266\" src=\"http:\/\/carnet-informatique.com\/wp-content\/uploads\/2026\/01\/Picture-6-1.png\" alt=\"\" class=\"wp-image-139\" srcset=\"https:\/\/carnet-informatique.com\/wp-content\/uploads\/2026\/01\/Picture-6-1.png 463w, https:\/\/carnet-informatique.com\/wp-content\/uploads\/2026\/01\/Picture-6-1-300x172.png 300w\" sizes=\"auto, (max-width: 463px) 100vw, 463px\" \/><\/figure>\n<\/div>\n\n\n\n<div class=\"wp-block-group is-nowrap is-layout-flex wp-container-core-group-is-layout-6c531013 wp-block-group-is-layout-flex\">\n<p>Choisissez la premi\u00e8re partition et faite \u00ab\u00a0Restore\u00a0\u00bb pour lancez l&rsquo;installation<\/p>\n\n\n\n<figure class=\"wp-block-image size-full\"><img loading=\"lazy\" decoding=\"async\" width=\"486\" height=\"418\" src=\"http:\/\/carnet-informatique.com\/wp-content\/uploads\/2026\/01\/Picture-3.png\" alt=\"\" class=\"wp-image-140\" srcset=\"https:\/\/carnet-informatique.com\/wp-content\/uploads\/2026\/01\/Picture-3.png 486w, https:\/\/carnet-informatique.com\/wp-content\/uploads\/2026\/01\/Picture-3-300x258.png 300w\" sizes=\"auto, (max-width: 486px) 100vw, 486px\" \/><\/figure>\n<\/div>\n\n\n\n<p>Suite au red\u00e9marrage Mac OS 9.2.2 est op\u00e9rationnel !<\/p>\n\n\n\n<figure class=\"wp-block-image size-full\"><img loading=\"lazy\" decoding=\"async\" width=\"491\" height=\"381\" src=\"http:\/\/carnet-informatique.com\/wp-content\/uploads\/2026\/01\/Picture-4.png\" alt=\"\" class=\"wp-image-145\" srcset=\"https:\/\/carnet-informatique.com\/wp-content\/uploads\/2026\/01\/Picture-4.png 491w, https:\/\/carnet-informatique.com\/wp-content\/uploads\/2026\/01\/Picture-4-300x233.png 300w\" sizes=\"auto, (max-width: 491px) 100vw, 491px\" \/><\/figure>\n\n\n\n<figure class=\"wp-block-image size-full\"><img loading=\"lazy\" decoding=\"async\" width=\"607\" height=\"623\" src=\"http:\/\/carnet-informatique.com\/wp-content\/uploads\/2026\/01\/Picture-5.png\" alt=\"\" class=\"wp-image-146\" srcset=\"https:\/\/carnet-informatique.com\/wp-content\/uploads\/2026\/01\/Picture-5.png 607w, https:\/\/carnet-informatique.com\/wp-content\/uploads\/2026\/01\/Picture-5-292x300.png 292w\" sizes=\"auto, (max-width: 607px) 100vw, 607px\" \/><\/figure>\n","protected":false},"excerpt":{"rendered":"<p>Dans cet article je pr\u00e9sente la m\u00e9thode pour faire tourner Mac OS 9 sur un mac mini avec processeur PowerPC [&hellip;]<\/p>\n","protected":false},"author":2,"featured_media":135,"comment_status":"open","ping_status":"open","sticky":false,"template":"","format":"standard","meta":{"site-sidebar-layout":"default","site-content-layout":"","ast-site-content-layout":"default","site-content-style":"default","site-sidebar-style":"default","ast-global-header-display":"","ast-banner-title-visibility":"","ast-main-header-display":"","ast-hfb-above-header-display":"","ast-hfb-below-header-display":"","ast-hfb-mobile-header-display":"","site-post-title":"","ast-breadcrumbs-content":"","ast-featured-img":"","footer-sml-layout":"","ast-disable-related-posts":"","theme-transparent-header-meta":"","adv-header-id-meta":"","stick-header-meta":"","header-above-stick-meta":"","header-main-stick-meta":"","header-below-stick-meta":"","astra-migrate-meta-layouts":"default","ast-page-background-enabled":"default","ast-page-background-meta":{"desktop":{"background-color":"var(--ast-global-color-5)","background-image":"","background-repeat":"repeat","background-position":"center center","background-size":"auto","background-attachment":"scroll","background-type":"","background-media":"","overlay-type":"","overlay-color":"","overlay-opacity":"","overlay-gradient":""},"tablet":{"background-color":"","background-image":"","background-repeat":"repeat","background-position":"center center","background-size":"auto","background-attachment":"scroll","background-type":"","background-media":"","overlay-type":"","overlay-color":"","overlay-opacity":"","overlay-gradient":""},"mobile":{"background-color":"","background-image":"","background-repeat":"repeat","background-position":"center center","background-size":"auto","background-attachment":"scroll","background-type":"","background-media":"","overlay-type":"","overlay-color":"","overlay-opacity":"","overlay-gradient":""}},"ast-content-background-meta":{"desktop":{"background-color":"var(--ast-global-color-4)","background-image":"","background-repeat":"repeat","background-position":"center center","background-size":"auto","background-attachment":"scroll","background-type":"","background-media":"","overlay-type":"","overlay-color":"","overlay-opacity":"","overlay-gradient":""},"tablet":{"background-color":"var(--ast-global-color-4)","background-image":"","background-repeat":"repeat","background-position":"center center","background-size":"auto","background-attachment":"scroll","background-type":"","background-media":"","overlay-type":"","overlay-color":"","overlay-opacity":"","overlay-gradient":""},"mobile":{"background-color":"var(--ast-global-color-4)","background-image":"","background-repeat":"repeat","background-position":"center center","background-size":"auto","background-attachment":"scroll","background-type":"","background-media":"","overlay-type":"","overlay-color":"","overlay-opacity":"","overlay-gradient":""}},"footnotes":""},"categories":[3],"tags":[],"class_list":["post-106","post","type-post","status-publish","format-standard","has-post-thumbnail","hentry","category-macintosh"],"_links":{"self":[{"href":"https:\/\/carnet-informatique.com\/index.php\/wp-json\/wp\/v2\/posts\/106","targetHints":{"allow":["GET"]}}],"collection":[{"href":"https:\/\/carnet-informatique.com\/index.php\/wp-json\/wp\/v2\/posts"}],"about":[{"href":"https:\/\/carnet-informatique.com\/index.php\/wp-json\/wp\/v2\/types\/post"}],"author":[{"embeddable":true,"href":"https:\/\/carnet-informatique.com\/index.php\/wp-json\/wp\/v2\/users\/2"}],"replies":[{"embeddable":true,"href":"https:\/\/carnet-informatique.com\/index.php\/wp-json\/wp\/v2\/comments?post=106"}],"version-history":[{"count":14,"href":"https:\/\/carnet-informatique.com\/index.php\/wp-json\/wp\/v2\/posts\/106\/revisions"}],"predecessor-version":[{"id":195,"href":"https:\/\/carnet-informatique.com\/index.php\/wp-json\/wp\/v2\/posts\/106\/revisions\/195"}],"wp:featuredmedia":[{"embeddable":true,"href":"https:\/\/carnet-informatique.com\/index.php\/wp-json\/wp\/v2\/media\/135"}],"wp:attachment":[{"href":"https:\/\/carnet-informatique.com\/index.php\/wp-json\/wp\/v2\/media?parent=106"}],"wp:term":[{"taxonomy":"category","embeddable":true,"href":"https:\/\/carnet-informatique.com\/index.php\/wp-json\/wp\/v2\/categories?post=106"},{"taxonomy":"post_tag","embeddable":true,"href":"https:\/\/carnet-informatique.com\/index.php\/wp-json\/wp\/v2\/tags?post=106"}],"curies":[{"name":"wp","href":"https:\/\/api.w.org\/{rel}","templated":true}]}}